{"id":29509,"date":"2021-01-27T08:37:30","date_gmt":"2021-01-27T07:37:30","guid":{"rendered":"https:\/\/swiss-energypark.com\/?p=29509"},"modified":"2022-03-28T15:40:40","modified_gmt":"2022-03-28T13:40:40","slug":"rueckblick-swiss-energypark","status":"publish","type":"post","link":"https:\/\/swiss-energypark.com\/de\/rueckblick-swiss-energypark\/","title":{"rendered":"Diese Themen haben uns in den letzten Jahren bewegt"},"content":{"rendered":"<p><div class=\"fusion-bg-parallax\" data-bg-align=\"center top\" data-direction=\"down\" data-mute=\"false\" data-opacity=\"100\" data-velocity=\"-0.3\" data-mobile-enabled=\"false\" data-break_parents=\"0\" data-bg-image=\"https:\/\/swiss-energypark.com\/wp-content\/uploads\/2022\/02\/low-angle-view-of-wind-turbine-in-motion-mood-swiss-energypark.jpg\" data-bg-repeat=\"false\" data-bg-color=\"#6a8a76\" data-blend-mode=\"multiply\" ><\/div><div class=\"fusion-fullwidth fullwidth-box fusion-builder-row-1 fusion-flex-container fusion-parallax-down nonhundred-percent-fullwidth non-hundred-percent-height-scrolling\" style=\"--awb-background-position:center top;--awb-background-blend-mode:multiply;--awb-border-radius-top-left:0px;--awb-border-radius-top-right:0px;--awb-border-radius-bottom-right:0px;--awb-border-radius-bottom-left:0px;--awb-padding-top-medium:100px;--awb-padding-top-small:0px;--awb-min-height:500px;--awb-min-height-small:350px;--awb-background-color:#6a8a76;--awb-background-image:url(&quot;https:\/\/swiss-energypark.com\/wp-content\/uploads\/2022\/02\/low-angle-view-of-wind-turbine-in-motion-mood-swiss-energypark.jpg&quot;);--awb-background-size:cover;--awb-flex-wrap:wrap;\" ><div class=\"fusion-builder-row fusion-row fusion-flex-align-items-flex-end fusion-flex-content-wrap\" style=\"max-width:1296px;margin-left: calc(-8% \/ 2 );margin-right: calc(-8% \/ 2 );\"><div class=\"fusion-layout-column fusion_builder_column fusion-builder-column-0 fusion_builder_column_1_1 1_1 fusion-flex-column\" style=\"--awb-padding-bottom:64px;--awb-bg-size:cover;--awb-width-large:100%;--awb-margin-top-large:0px;--awb-spacing-right-large:3.68%;--awb-margin-bottom-large:20px;--awb-spacing-left-large:3.68%;--awb-width-medium:100%;--awb-order-medium:0;--awb-spacing-right-medium:3.68%;--awb-spacing-left-medium:3.68%;--awb-width-small:100%;--awb-order-small:0;--awb-spacing-right-small:3.68%;--awb-spacing-left-small:3.68%;\"><div class=\"fusion-column-wrapper fusion-column-has-shadow fusion-flex-justify-content-flex-start fusion-content-layout-column\"><div class=\"fusion-title title fusion-title-1 fusion-sep-none fusion-title-center fusion-title-text fusion-title-size-one single-post-title-mobile\" style=\"--awb-text-color:#ffffff;--awb-margin-top-small:10px;--awb-margin-right-small:0px;--awb-margin-bottom-small:10px;--awb-margin-left-small:0px;--awb-font-size:30px;\"><h1 class=\"fusion-title-heading title-heading-center\" style=\"margin:0;font-size:1em;\">Diese Themen haben uns in den letzten Jahren bewegt<\/h1><\/div><\/div><\/div><\/div><\/div><div class=\"fusion-fullwidth fullwidth-box fusion-builder-row-2 fusion-flex-container nonhundred-percent-fullwidth non-hundred-percent-height-scrolling\" style=\"--awb-border-radius-top-left:0px;--awb-border-radius-top-right:0px;--awb-border-radius-bottom-right:0px;--awb-border-radius-bottom-left:0px;--awb-padding-right:0px;--awb-padding-left:0px;--awb-flex-wrap:wrap;\" ><div class=\"fusion-builder-row fusion-row fusion-flex-align-items-flex-start fusion-flex-content-wrap\" style=\"max-width:1296px;margin-left: calc(-8% \/ 2 );margin-right: calc(-8% \/ 2 );\"><div class=\"fusion-layout-column fusion_builder_column fusion-builder-column-1 fusion_builder_column_1_1 1_1 fusion-flex-column\" style=\"--awb-bg-blend:overlay;--awb-bg-size:cover;--awb-width-large:100%;--awb-margin-top-large:0px;--awb-spacing-right-large:3.68%;--awb-margin-bottom-large:0px;--awb-spacing-left-large:3.68%;--awb-width-medium:100%;--awb-spacing-right-medium:3.68%;--awb-spacing-left-medium:3.68%;--awb-width-small:100%;--awb-spacing-right-small:3.68%;--awb-spacing-left-small:3.68%;\"><div class=\"fusion-column-wrapper fusion-flex-justify-content-flex-start fusion-content-layout-column\"><div class=\"fusion-text fusion-text-1\" style=\"--awb-text-transform:none;--awb-text-font-family:&quot;Heebo&quot;;--awb-text-font-style:normal;--awb-text-font-weight:400;\"><p><strong>Auch nach dem Relaunch unserer Website lohnt sich ein R\u00fcckblick. Diese Themen haben uns und die erneuerbare Energieversorgung in den letzten Jahren bewegt:<\/strong><\/p>\n<h3>Repowering JUVENT \u2013 die vier neuen Windturbinen sind in Betrieb<\/h3>\n<p>Die Montagearbeiten im gr\u00f6ssten Schweizer Windpark auf dem Mont Crosin und dem Mont Soleil sind abgeschlossen. Die vier neuen, leistungsst\u00e4rkeren Turbinen sorgen k\u00fcnftig f\u00fcr eine Produktionssteigerung von 50 auf 70 GWh pro Jahr. Geniessen Sie im Video die spektakul\u00e4rsten Bilder des Repowering-Projektes vom Bau des Fundaments \u00fcber den Transport bis zur Montage. <a title=\"Inbetriebnahme Juvent\" href=\"https:\/\/blog.bkw.ch\/repowering-juvent-die-vier-neuen-windturbinen-sind-in-betrieb\/\" target=\"_blank\" rel=\"noopener\">Inbetriebnahme Juvent<\/a><\/p>\n<h3>Eine neue Anlage wegen neuer Rechtsvorschriften<\/h3>\n<p>Nach mehreren Monaten Vorbereitungsarbeiten und drei Wochen Bauarbeiten schliesst die Soci\u00e9t\u00e9 des Forces Electriques de La Goule momentan die Arbeiten f\u00fcr die Installation eines neuen Brillenschiebers an der Wehranlage ihres Kraftwerks ab. Damit kann der Wasserdurchsatz gem\u00e4ss der neuen Wasserverordnung, die durch die Schweizer und franz\u00f6sischen Beh\u00f6rden ausgearbeitet wurde, reguliert werden. <a title=\"Neue Vorschriften, neue Anlage\" href=\"https:\/\/blog.bkw.ch\/eine-neue-anlage-wegen-neuer-rechtsvorschriften\/\" target=\"_blank\" rel=\"noopener\">Neue Vorschriften, neue Anlage<\/a><\/p>\n<h3>Turbine sieben \u2013 das Sorgenkind lernt laufen<\/h3>\n<p>Seit Oktober 2016 liefern die vier neuen Turbinen des JUVENT-Windparks zuverl\u00e4ssig Strom. Nach nur zwei Monaten hatten sie bereits die Jahresproduktion der alten Turbinen vor dem Repowering erreicht. Gemeinsam mit der benachbarten Turbine produziert Turbine Nummer sieben, die \u00abE7\u00bb, am meisten Strom. Dabei war ausgerechnet \u00abE7\u00bb w\u00e4hrend der gesamten Dauer des Bauprojekts das grosse Sorgenkind. Ein R\u00fcckblick. <a title=\"Vom Sorgenkind zum Performer\" href=\"https:\/\/blog.bkw.ch\/turbine-sieben\/\" target=\"_blank\" rel=\"noopener\">Vom Sorgenkind zum Performer<\/a><\/p>\n<h3>Eins zu eins erleben, wie Strom entsteht<\/h3>\n<p>Wissen Sie wie stark der Wind blasen muss, um eine Windturbine anzutreiben?\u00a0Auf der Krete des Mont-Soleil, eingebettet in die sanftgr\u00fcnen H\u00fcgel des Juras, stehen 16 Windturbinen in Sichtweite und eine grosse Fotovoltaik Anlage der BKW. Erleben Sie, wie Sie erneuerbare Energie produzieren und den Verbrauch steuern k\u00f6nnen. Sp\u00fcren Sie, wie stark der Wind blasen muss, um eine Turbine anzutreiben. Lernen Sie mehr \u00fcber die Geschichte der Energie im neuen BKW Besucherzentrum auf dem Mont-Soleil. <a title=\"\u00dcber das Besucherzentrum\" href=\"https:\/\/blog.bkw.ch\/eins-zu-eins-erleben-wie-strom-entsteht\/\" target=\"_blank\" rel=\"noopener\">\u00dcber das Besucherzentrum<\/a><\/p>\n<h3>Hier entsteht die leistungsst\u00e4rkste Photovoltaikanlage der Schweiz<\/h3>\n<p>In Courgenay baut die BKW zusammen mit der Energie du Jura (EDJ) und der Industrie und Fahrzeuglogistikfirma GEFCO Suisse SA die leistungsst\u00e4rkste Photovoltaikanlage der Schweiz: Wenn die Anlage im M\u00e4rz 2016 fertig ist, wird sie mit ihrem Solarstrom den durchschnittlichen Jahresverbrauch von 1550 Haushalten decken k\u00f6nnen. <a title=\"Eine neue PV-Anlage\" href=\"https:\/\/blog.bkw.ch\/hier-entsteht-die-leistungsstaerkste-fotovoltaikanlage-der-schweiz\/\" target=\"_blank\" rel=\"noopener\">Eine neue PV-Anlage<\/a><\/p>\n<h3>Wie wir doppelt so viel Solarstrom in unser Netz kriegen<\/h3>\n<p>Ein Paradigmenwechsel schafft gr\u00f6ssere Wirtschaftlichkeit von Solaranlagen und eine h\u00f6here Kapazit\u00e4t im Netz. <a title=\"So bauen wir Solarkraft aus\" href=\"https:\/\/blog.bkw.ch\/wie-wir-doppelt-so-viel-solarstrom-in-unser-netz-kriegen\/\" target=\"_blank\" rel=\"noopener\">So bauen wir Solarkraft aus<\/a><\/p>\n<\/div><\/div><\/div><\/div><\/div><div class=\"fusion-fullwidth fullwidth-box fusion-builder-row-3 fusion-flex-container nonhundred-percent-fullwidth non-hundred-percent-height-scrolling\" style=\"--awb-background-position:right center;--awb-border-radius-top-left:0px;--awb-border-radius-top-right:0px;--awb-border-radius-bottom-right:0px;--awb-border-radius-bottom-left:0px;--awb-padding-bottom:80px;--awb-background-color:#ffffff;--awb-flex-wrap:wrap;\" ><div class=\"fusion-builder-row fusion-row fusion-flex-align-items-stretch fusion-flex-content-wrap\" style=\"max-width:1296px;margin-left: calc(-8% \/ 2 );margin-right: calc(-8% \/ 2 );\"><div class=\"fusion-layout-column fusion_builder_column fusion-builder-column-2 fusion_builder_column_1_1 1_1 fusion-flex-column\" style=\"--awb-bg-size:cover;--awb-width-large:100%;--awb-margin-top-large:0px;--awb-spacing-right-large:3.68%;--awb-margin-bottom-large:0px;--awb-spacing-left-large:3.68%;--awb-width-medium:100%;--awb-order-medium:0;--awb-spacing-right-medium:3.68%;--awb-spacing-left-medium:3.68%;--awb-width-small:100%;--awb-order-small:0;--awb-spacing-right-small:3.68%;--awb-spacing-left-small:3.68%;\"><div class=\"fusion-column-wrapper fusion-column-has-shadow fusion-flex-justify-content-flex-start fusion-content-layout-column\"><div class=\"fusion-title title fusion-title-2 fusion-sep-none fusion-title-text fusion-title-size-three\" style=\"--awb-text-color:#000000;--awb-margin-bottom:50px;--awb-margin-top-small:10px;--awb-margin-right-small:0px;--awb-margin-bottom-small:40px;--awb-margin-left-small:0px;\"><h3 class=\"fusion-title-heading title-heading-left\" style=\"margin:0;\">Das k\u00f6nnte Sie auch interessieren<\/h3><\/div><div class=\"fusion-blog-shortcode fusion-blog-shortcode-1 fusion-blog-archive fusion-blog-layout-grid-wrapper fusion-blog-no fusion-blog-layout-center blog-grid-global\"><style type=\"text\/css\">.fusion-blog-shortcode-1 .fusion-blog-layout-grid .fusion-post-grid{padding:20px;}.fusion-blog-shortcode-1 .fusion-posts-container{margin-left: -20px !important; margin-right:-20px !important;}<\/style><div class=\"fusion-posts-container fusion-posts-container-no fusion-blog-layout-grid fusion-blog-layout-grid-3 isotope fusion-blog-equal-heights\" data-pages=\"6\" data-grid-col-space=\"40\" style=\"margin: -20px -20px 0;min-height:500px;\"><article id=\"blog-1-post-32894\" class=\"fusion-post-grid post-32894 post type-post status-publish format-standard has-post-thumbnail hentry tag-exergue-2 tag-feature\">\n<div class=\"fusion-post-wrapper\" style=\"background-color:rgba(255,255,255,0);border:1px solid #dddddd;border-bottom-width:3px;\">\n\n\t\t\t<div class=\"fusion-flexslider flexslider fusion-flexslider-loading fusion-post-slideshow\" style=\"border-color:#dddddd;\">\n\t\t<ul class=\"slides\">\n\t\t\t\n\t\t\t\t\t\t\t\t\t\t\t\t\t\t<li><div  class=\"fusion-image-wrapper\" aria-haspopup=\"true\">\n\t\t\t\t\t\t\t<a href=\"https:\/\/swiss-energypark.com\/de\/__trashed\/\" aria-label=\"Die Dezentralisierung des Stromnetzes: Eine gro\u00dfe Herausforderung f\u00fcr Netzbetreiber\">\n\t\t\t\t\t\t\t<img decoding=\"async\" width=\"4300\" height=\"1369\" src=\"https:\/\/swiss-energypark.com\/wp-content\/uploads\/2025\/02\/BKW_ILLUSTRATIONs_RESEAUX.png\" class=\"attachment-full size-full wp-post-image\" alt=\"\" srcset=\"https:\/\/swiss-energypark.com\/wp-content\/uploads\/2025\/02\/BKW_ILLUSTRATIONs_RESEAUX-200x64.png 200w, https:\/\/swiss-energypark.com\/wp-content\/uploads\/2025\/02\/BKW_ILLUSTRATIONs_RESEAUX-400x127.png 400w, https:\/\/swiss-energypark.com\/wp-content\/uploads\/2025\/02\/BKW_ILLUSTRATIONs_RESEAUX-600x191.png 600w, https:\/\/swiss-energypark.com\/wp-content\/uploads\/2025\/02\/BKW_ILLUSTRATIONs_RESEAUX-800x255.png 800w, https:\/\/swiss-energypark.com\/wp-content\/uploads\/2025\/02\/BKW_ILLUSTRATIONs_RESEAUX-1200x382.png 1200w, https:\/\/swiss-energypark.com\/wp-content\/uploads\/2025\/02\/BKW_ILLUSTRATIONs_RESEAUX.png 4300w\" sizes=\"(min-width: 2200px) 100vw, (min-width: 784px) 373px, (min-width: 712px) 560px, (min-width: 640px) 712px, \" \/>\t\t\t<\/a>\n\t\t\t\t\t\t\t<\/div>\n<\/li>\n\t\t\t\n\t\t\t\n\t\t\t\t\t\t\t\t\t\t\t\n\t\t\t\t\t\n\t\t\t\t\t\t\t\t\t\t\t<li>\n\t\t\t\t\t\t\t<div class=\"fusion-image-wrapper\">\n\t\t\t\t\t\t\t\t<a href=\"https:\/\/swiss-energypark.com\/de\/__trashed\/\" aria-label=\"Die Dezentralisierung des Stromnetzes: Eine gro\u00dfe Herausforderung f\u00fcr Netzbetreiber\">\n\t\t\t\t\t\t\t\t\t<img decoding=\"async\" width=\"3731\" height=\"2673\" src=\"https:\/\/swiss-energypark.com\/wp-content\/uploads\/2025\/02\/SEG_Instal-PV_Graph.png\" alt=\"\" class=\"wp-image-32910\" role=\"presentation\" srcset=\"https:\/\/swiss-energypark.com\/wp-content\/uploads\/2025\/02\/SEG_Instal-PV_Graph-200x143.png 200w, https:\/\/swiss-energypark.com\/wp-content\/uploads\/2025\/02\/SEG_Instal-PV_Graph-400x287.png 400w, https:\/\/swiss-energypark.com\/wp-content\/uploads\/2025\/02\/SEG_Instal-PV_Graph-600x430.png 600w, https:\/\/swiss-energypark.com\/wp-content\/uploads\/2025\/02\/SEG_Instal-PV_Graph-800x573.png 800w, https:\/\/swiss-energypark.com\/wp-content\/uploads\/2025\/02\/SEG_Instal-PV_Graph-1200x860.png 1200w, https:\/\/swiss-energypark.com\/wp-content\/uploads\/2025\/02\/SEG_Instal-PV_Graph.png 3731w\" sizes=\"(min-width: 2200px) 100vw, (min-width: 784px) 373px, (min-width: 712px) 560px, (min-width: 640px) 712px, \" \/>\t\t\t\t\t\t\t\t<\/a>\n\t\t\t\t\t\t\t\t<a style=\"display:none;\" href=\"https:\/\/swiss-energypark.com\/wp-content\/uploads\/2025\/02\/SEG_Instal-PV_Graph.png\" data-rel=\"iLightbox[gallery32894]\"  title=\"\" data-title=\"SEG_Instal-PV_Graph\" data-caption=\"\">\n\t\t\t\t\t\t\t\t\t\t\t\t\t\t\t\t\t<\/a>\n\t\t\t\t\t\t\t<\/div>\n\t\t\t\t\t\t<\/li>\n\t\t\t\t\t\t\t\t\t\t\t\t\t\t\t\t\t\t\t\t\t\t\t\t\t\t\t\t\t\t\t\t\t\t\t\t<\/ul>\n\t<\/div>\n\t<div class=\"fusion-post-content-wrapper\" style=\"padding:30px 25px 25px 25px;\"><div class=\"fusion-post-content post-content\"><h2 class=\"blog-shortcode-post-title entry-title\"><a href=\"https:\/\/swiss-energypark.com\/de\/__trashed\/\">Die Dezentralisierung des Stromnetzes: Eine gro\u00dfe Herausforderung f\u00fcr Netzbetreiber<\/a><\/h2><p class=\"fusion-single-line-meta\"><span class=\"vcard\" style=\"display: none;\"><span class=\"fn\"><a href=\"https:\/\/swiss-energypark.com\/de\/author\/laurent_raeber\/\" title=\"Beitr\u00e4ge von Laurent Raeber\" rel=\"author\">Laurent Raeber<\/a><\/span><\/span><span class=\"updated\" style=\"display:none;\">2026-03-05T09:48:36+01:00<\/span><span>12. Dezember 2024<\/span><span class=\"fusion-inline-sep\">|<\/span><\/p><div class=\"fusion-content-sep sep-none\"><\/div><div class=\"fusion-post-content-container\"><p> Die Dezentralisierung des Stromnetzes: Eine gro\u00dfe Herausforderung f\u00fcr Netzbetreiber [...]<\/p><\/div><\/div><div class=\"fusion-meta-info\"><div class=\"fusion-aligncenter\"><a class=\"fusion-read-more\" href=\"https:\/\/swiss-energypark.com\/de\/__trashed\/\" aria-label=\"More on Die Dezentralisierung des Stromnetzes: Eine gro\u00dfe Herausforderung f\u00fcr Netzbetreiber\">Mehr lesen<\/a><\/div><\/div><\/div><div class=\"fusion-clearfix\"><\/div><\/div>\n<\/article>\n<article id=\"blog-1-post-29509\" class=\"fusion-post-grid post-29509 post type-post status-publish format-standard has-post-thumbnail hentry category-newss-de\">\n<div class=\"fusion-post-wrapper\" style=\"background-color:rgba(255,255,255,0);border:1px solid #dddddd;border-bottom-width:3px;\">\n\n\t\t\t<div class=\"fusion-flexslider flexslider fusion-flexslider-loading fusion-post-slideshow\" style=\"border-color:#dddddd;\">\n\t\t<ul class=\"slides\">\n\t\t\t\n\t\t\t\t\t\t\t\t\t\t\t\t\t\t<li><div  class=\"fusion-image-wrapper\" aria-haspopup=\"true\">\n\t\t\t\t\t\t\t<a href=\"https:\/\/swiss-energypark.com\/de\/rueckblick-swiss-energypark\/\" aria-label=\"Diese Themen haben uns in den letzten Jahren bewegt\">\n\t\t\t\t\t\t\t<img decoding=\"async\" width=\"2000\" height=\"1335\" src=\"https:\/\/swiss-energypark.com\/wp-content\/uploads\/2022\/02\/low-angle-view-of-wind-turbine-in-motion-mood-swiss-energypark.jpg\" class=\"attachment-full size-full wp-post-image\" alt=\"Wind Turbine in Bewegung mit Rotorbl\u00e4ttern\" srcset=\"https:\/\/swiss-energypark.com\/wp-content\/uploads\/2022\/02\/low-angle-view-of-wind-turbine-in-motion-mood-swiss-energypark-200x134.jpg 200w, https:\/\/swiss-energypark.com\/wp-content\/uploads\/2022\/02\/low-angle-view-of-wind-turbine-in-motion-mood-swiss-energypark-400x267.jpg 400w, https:\/\/swiss-energypark.com\/wp-content\/uploads\/2022\/02\/low-angle-view-of-wind-turbine-in-motion-mood-swiss-energypark-600x401.jpg 600w, https:\/\/swiss-energypark.com\/wp-content\/uploads\/2022\/02\/low-angle-view-of-wind-turbine-in-motion-mood-swiss-energypark-800x534.jpg 800w, https:\/\/swiss-energypark.com\/wp-content\/uploads\/2022\/02\/low-angle-view-of-wind-turbine-in-motion-mood-swiss-energypark-1200x801.jpg 1200w, https:\/\/swiss-energypark.com\/wp-content\/uploads\/2022\/02\/low-angle-view-of-wind-turbine-in-motion-mood-swiss-energypark.jpg 2000w\" sizes=\"(min-width: 2200px) 100vw, (min-width: 784px) 373px, (min-width: 712px) 560px, (min-width: 640px) 712px, \" \/>\t\t\t<\/a>\n\t\t\t\t\t\t\t<\/div>\n<\/li>\n\t\t\t\n\t\t\t\n\t\t\t\t\t\t\t\t\t\t\t\t\t\t\t\t\t\t\t\t\t\t\t\t\t\t\t\t\t\t\t\t\t\t\t\t\t\t<\/ul>\n\t<\/div>\n\t<div class=\"fusion-post-content-wrapper\" style=\"padding:30px 25px 25px 25px;\"><div class=\"fusion-post-content post-content\"><h2 class=\"blog-shortcode-post-title entry-title\"><a href=\"https:\/\/swiss-energypark.com\/de\/rueckblick-swiss-energypark\/\">Diese Themen haben uns in den letzten Jahren bewegt<\/a><\/h2><p class=\"fusion-single-line-meta\"><span class=\"vcard\" style=\"display: none;\"><span class=\"fn\"><a href=\"https:\/\/swiss-energypark.com\/de\/author\/laurent_raeber\/\" title=\"Beitr\u00e4ge von Laurent Raeber\" rel=\"author\">Laurent Raeber<\/a><\/span><\/span><span class=\"updated\" style=\"display:none;\">2022-03-28T15:40:40+02:00<\/span><span>27. Januar 2021<\/span><span class=\"fusion-inline-sep\">|<\/span><\/p><div class=\"fusion-content-sep sep-none\"><\/div><div class=\"fusion-post-content-container\"><p>Auch nach dem Relaunch unserer Website lohnt sich ein R\u00fcckblick. Diese Themen haben uns und die erneuerbare Energieversorgung in den letzten Jahren bewegt.<\/p><\/div><\/div><div class=\"fusion-meta-info\"><div class=\"fusion-aligncenter\"><a class=\"fusion-read-more\" href=\"https:\/\/swiss-energypark.com\/de\/rueckblick-swiss-energypark\/\" aria-label=\"More on Diese Themen haben uns in den letzten Jahren bewegt\">Mehr lesen<\/a><\/div><\/div><\/div><div class=\"fusion-clearfix\"><\/div><\/div>\n<\/article>\n<article id=\"blog-1-post-33269\" class=\"fusion-post-grid post-33269 post type-post status-publish format-video has-post-thumbnail hentry category-newss-de tag-news post_format-post-format-video\">\n<div class=\"fusion-post-wrapper\" style=\"background-color:rgba(255,255,255,0);border:1px solid #dddddd;border-bottom-width:3px;\">\n\n\t\t\t<div class=\"fusion-flexslider flexslider fusion-flexslider-loading fusion-post-slideshow\" style=\"border-color:#dddddd;\">\n\t\t<ul class=\"slides\">\n\t\t\t\n\t\t\t\t\t\t\t\t\t\t\t\t\t\t<li><div  class=\"fusion-image-wrapper\" aria-haspopup=\"true\">\n\t\t\t\t\t\t\t<a href=\"https:\/\/swiss-energypark.com\/de\/der-berner-jura-verfolgt-seine-wirtschaftsstrategie-2030-2\/\" aria-label=\"Der Berner Jura verfolgt seine Wirtschaftsstrategie 2030\">\n\t\t\t\t\t\t\t<img decoding=\"async\" width=\"2000\" height=\"1122\" src=\"https:\/\/swiss-energypark.com\/wp-content\/uploads\/2021\/12\/StrategieEnergetique_2030T.jpg\" class=\"attachment-full size-full wp-post-image\" alt=\"\" srcset=\"https:\/\/swiss-energypark.com\/wp-content\/uploads\/2021\/12\/StrategieEnergetique_2030T-200x112.jpg 200w, https:\/\/swiss-energypark.com\/wp-content\/uploads\/2021\/12\/StrategieEnergetique_2030T-400x224.jpg 400w, https:\/\/swiss-energypark.com\/wp-content\/uploads\/2021\/12\/StrategieEnergetique_2030T-600x337.jpg 600w, https:\/\/swiss-energypark.com\/wp-content\/uploads\/2021\/12\/StrategieEnergetique_2030T-800x449.jpg 800w, https:\/\/swiss-energypark.com\/wp-content\/uploads\/2021\/12\/StrategieEnergetique_2030T-1200x673.jpg 1200w, https:\/\/swiss-energypark.com\/wp-content\/uploads\/2021\/12\/StrategieEnergetique_2030T.jpg 2000w\" sizes=\"(min-width: 2200px) 100vw, (min-width: 784px) 373px, (min-width: 712px) 560px, (min-width: 640px) 712px, \" \/>\t\t\t<\/a>\n\t\t\t\t\t\t\t<\/div>\n<\/li>\n\t\t\t\n\t\t\t\n\t\t\t\t\t\t\t\t\t\t\t\t\t\t\t\t\t\t\t\t\t\t\t\t\t\t\t\t\t\t\t\t\t\t\t\t\t\t<\/ul>\n\t<\/div>\n\t<div class=\"fusion-post-content-wrapper\" style=\"padding:30px 25px 25px 25px;\"><div class=\"fusion-post-content post-content\"><h2 class=\"blog-shortcode-post-title entry-title\"><a href=\"https:\/\/swiss-energypark.com\/de\/der-berner-jura-verfolgt-seine-wirtschaftsstrategie-2030-2\/\">Der Berner Jura verfolgt seine Wirtschaftsstrategie 2030<\/a><\/h2><p class=\"fusion-single-line-meta\"><span class=\"vcard\" style=\"display: none;\"><span class=\"fn\"><a href=\"https:\/\/swiss-energypark.com\/de\/author\/laurent_raeber\/\" title=\"Beitr\u00e4ge von Laurent Raeber\" rel=\"author\">Laurent Raeber<\/a><\/span><\/span><span class=\"updated\" style=\"display:none;\">2026-03-05T09:49:01+01:00<\/span><span>4. M\u00e4rz 2022<\/span><span class=\"fusion-inline-sep\">|<\/span><\/p><div class=\"fusion-content-sep sep-none\"><\/div><div class=\"fusion-post-content-container\"><p>Winddrohnen haben das Potenzial, die derzeitigen j\u00e4hrlichen CO2_eq-Emissionen um zus\u00e4tzliche 10% zu den 33% zu reduzieren, die durch aktuelle erneuerbare Technologien wie Wind-, Wasser- und Photovoltaikanlagen prognostiziert werden.<\/p><\/div><\/div><div class=\"fusion-meta-info\"><div class=\"fusion-aligncenter\"><a class=\"fusion-read-more\" href=\"https:\/\/swiss-energypark.com\/de\/der-berner-jura-verfolgt-seine-wirtschaftsstrategie-2030-2\/\" aria-label=\"More on Der Berner Jura verfolgt seine Wirtschaftsstrategie 2030\">Mehr lesen<\/a><\/div><\/div><\/div><div class=\"fusion-clearfix\"><\/div><\/div>\n<\/article>\n<div class=\"fusion-clearfix\"><\/div><\/div><\/div><\/div><\/div><\/div><\/div><\/p>\n","protected":false},"excerpt":{"rendered":"<p>Auch nach dem Relaunch unserer Website lohnt sich ein R\u00fcckblick. Diese Themen haben uns und die erneuerbare Energieversorgung in den letzten Jahren bewegt.<\/p>\n","protected":false},"author":5,"featured_media":29922,"comment_status":"open","ping_status":"open","sticky":false,"template":"","format":"standard","meta":{"footnotes":""},"categories":[34],"tags":[],"class_list":["post-29509","post","type-post","status-publish","format-standard","has-post-thumbnail","hentry","category-newss-de"],"aioseo_notices":[],"_links":{"self":[{"href":"https:\/\/swiss-energypark.com\/de\/wp-json\/wp\/v2\/posts\/29509","targetHints":{"allow":["GET"]}}],"collection":[{"href":"https:\/\/swiss-energypark.com\/de\/wp-json\/wp\/v2\/posts"}],"about":[{"href":"https:\/\/swiss-energypark.com\/de\/wp-json\/wp\/v2\/types\/post"}],"author":[{"embeddable":true,"href":"https:\/\/swiss-energypark.com\/de\/wp-json\/wp\/v2\/users\/5"}],"replies":[{"embeddable":true,"href":"https:\/\/swiss-energypark.com\/de\/wp-json\/wp\/v2\/comments?post=29509"}],"version-history":[{"count":2,"href":"https:\/\/swiss-energypark.com\/de\/wp-json\/wp\/v2\/posts\/29509\/revisions"}],"predecessor-version":[{"id":32343,"href":"https:\/\/swiss-energypark.com\/de\/wp-json\/wp\/v2\/posts\/29509\/revisions\/32343"}],"wp:featuredmedia":[{"embeddable":true,"href":"https:\/\/swiss-energypark.com\/de\/wp-json\/wp\/v2\/media\/29922"}],"wp:attachment":[{"href":"https:\/\/swiss-energypark.com\/de\/wp-json\/wp\/v2\/media?parent=29509"}],"wp:term":[{"taxonomy":"category","embeddable":true,"href":"https:\/\/swiss-energypark.com\/de\/wp-json\/wp\/v2\/categories?post=29509"},{"taxonomy":"post_tag","embeddable":true,"href":"https:\/\/swiss-energypark.com\/de\/wp-json\/wp\/v2\/tags?post=29509"}],"curies":[{"name":"wp","href":"https:\/\/api.w.org\/{rel}","templated":true}]}}