{"id":32521,"date":"2022-04-20T01:16:46","date_gmt":"2022-04-19T23:16:46","guid":{"rendered":"https:\/\/swiss-energypark.com\/?p=32521"},"modified":"2026-03-05T01:31:13","modified_gmt":"2026-03-05T00:31:13","slug":"flexi-ii-v3","status":"publish","type":"post","link":"https:\/\/swiss-energypark.com\/fr\/flexi-ii-v3\/","title":{"rendered":"FLEXI II"},"content":{"rendered":"<div class=\"fusion-fullwidth fullwidth-box fusion-builder-row-1 fusion-flex-container nonhundred-percent-fullwidth non-hundred-percent-height-scrolling\" style=\"--awb-border-radius-top-left:0px;--awb-border-radius-top-right:0px;--awb-border-radius-bottom-right:0px;--awb-border-radius-bottom-left:0px;--awb-flex-wrap:wrap;\" ><div class=\"fusion-builder-row fusion-row fusion-flex-align-items-flex-start fusion-flex-content-wrap\" style=\"max-width:1296px;margin-left: calc(-8% \/ 2 );margin-right: calc(-8% \/ 2 );\"><div class=\"fusion-layout-column fusion_builder_column fusion-builder-column-0 fusion_builder_column_1_1 1_1 fusion-flex-column\" style=\"--awb-bg-size:cover;--awb-width-large:100%;--awb-margin-top-large:0px;--awb-spacing-right-large:3.68%;--awb-margin-bottom-large:20px;--awb-spacing-left-large:3.68%;--awb-width-medium:100%;--awb-order-medium:0;--awb-spacing-right-medium:3.68%;--awb-spacing-left-medium:3.68%;--awb-width-small:100%;--awb-order-small:0;--awb-spacing-right-small:3.68%;--awb-spacing-left-small:3.68%;\"><div class=\"fusion-column-wrapper fusion-column-has-shadow fusion-flex-justify-content-flex-start fusion-content-layout-column\"><div class=\"fusion-title title fusion-title-1 fusion-sep-none fusion-title-text fusion-title-size-one\" style=\"--awb-margin-top-small:10px;--awb-margin-right-small:0px;--awb-margin-bottom-small:10px;--awb-margin-left-small:0px;\"><h1 class=\"fusion-title-heading title-heading-left\" style=\"margin:0;\">FLEXI II : d\u00e9termination du potentiel de flexibilisation de la demande d&rsquo;\u00e9lectricit\u00e9 des m\u00e9nages<\/h1><\/div><div class=\"fusion-image-element \" style=\"--awb-caption-title-font-family:var(--h2_typography-font-family);--awb-caption-title-font-weight:var(--h2_typography-font-weight);--awb-caption-title-font-style:var(--h2_typography-font-style);--awb-caption-title-size:var(--h2_typography-font-size);--awb-caption-title-transform:var(--h2_typography-text-transform);--awb-caption-title-line-height:var(--h2_typography-line-height);--awb-caption-title-letter-spacing:var(--h2_typography-letter-spacing);\"><span class=\" fusion-imageframe imageframe-none imageframe-1 hover-type-none\"><img decoding=\"async\" width=\"2000\" height=\"1100\" alt=\"Kundenverhalten analysiert\" title=\"Consumer_behavior_lr\" src=\"https:\/\/swiss-energypark.com\/wp-content\/uploads\/2022\/02\/Consumer_behavior_lr.jpg\" class=\"img-responsive wp-image-30725\" srcset=\"https:\/\/swiss-energypark.com\/wp-content\/uploads\/2022\/02\/Consumer_behavior_lr-200x110.jpg 200w, https:\/\/swiss-energypark.com\/wp-content\/uploads\/2022\/02\/Consumer_behavior_lr-400x220.jpg 400w, https:\/\/swiss-energypark.com\/wp-content\/uploads\/2022\/02\/Consumer_behavior_lr-600x330.jpg 600w, https:\/\/swiss-energypark.com\/wp-content\/uploads\/2022\/02\/Consumer_behavior_lr-800x440.jpg 800w, https:\/\/swiss-energypark.com\/wp-content\/uploads\/2022\/02\/Consumer_behavior_lr-1200x660.jpg 1200w, https:\/\/swiss-energypark.com\/wp-content\/uploads\/2022\/02\/Consumer_behavior_lr.jpg 2000w\" sizes=\"(max-width: 640px) 100vw, 1200px\" \/><\/span><\/div><div class=\"fusion-title title fusion-title-2 fusion-sep-none fusion-title-text fusion-title-size-four\" style=\"--awb-margin-top:10px;--awb-margin-top-small:10px;--awb-margin-right-small:0px;--awb-margin-bottom-small:10px;--awb-margin-left-small:0px;\"><h4 class=\"fusion-title-heading title-heading-left\" style=\"margin:0;\">Ce rapport pr\u00e9sente les r\u00e9sultats d&rsquo;une \u00e9tude de terrain qui a analys\u00e9 la consommation d&rsquo;\u00e9lectricit\u00e9 d&rsquo;environ 600 foyers sur une p\u00e9riode de plus de 3 ans. Les courbes de charge ont \u00e9t\u00e9 \u00e9tablies par la\u00a0Soci\u00e9t\u00e9 des Forces \u00c9lectriques de La Goule, qui approvisionne environ 8.000 foyers dans le Jura. Tous les clients de La Goule sont \u00e9quip\u00e9s de compteurs intelligents qui transmettent la consommation d&rsquo;\u00e9lectricit\u00e9 toutes les heures (ou m\u00eame toutes les 15 minutes). Ces donn\u00e9es permettent une analyse d\u00e9taill\u00e9e des sch\u00e9mas de consommation intrajournaliers.<\/h4><\/div><div class=\"fusion-text fusion-text-1 awb-text-cols fusion-text-columns-2\" style=\"--awb-text-transform:none;--awb-columns:2;--awb-column-spacing:2em;--awb-column-min-width:100px;\"><p>Le sujet trait\u00e9 dans ce projet concerne l&rsquo;\u00e9cart entre la consommation d&rsquo;\u00e9lectricit\u00e9 des m\u00e9nages (qui atteint son maximum le soir) et la production d&rsquo;\u00e9nergie solaire (qui atteint son maximum en milieu de journ\u00e9e). Pour combler cet \u00e9cart, on s&rsquo;int\u00e9resse notamment \u00e0 l&rsquo;influence exerc\u00e9e sur la consommation d&rsquo;\u00e9lectricit\u00e9 par des mesures dites de gestion de la demande. L&rsquo;objectif du projet est donc d&rsquo;\u00e9valuer la flexibilit\u00e9 de la consommation d&rsquo;\u00e9lectricit\u00e9 des m\u00e9nages afin de d\u00e9terminer si la demande pourrait effectivement absorber une partie de l&rsquo;\u00e9lectricit\u00e9 disponible en p\u00e9riode de forte production d&rsquo;\u00e9nergie photovolta\u00efque. Pour ce faire, un \u00ab\u00a0essai contr\u00f4l\u00e9 randomis\u00e9\u00a0\u00bb a \u00e9t\u00e9 men\u00e9 avec deux traitements pendant plus d&rsquo;un an. Dans le premier traitement, les m\u00e9nages ont \u00e9t\u00e9 confront\u00e9s \u00e0 un syst\u00e8me de prix alternatif, dans lequel le prix de l&rsquo;\u00e9lectricit\u00e9 entre 11 et 15 heures \u00e9tait r\u00e9duit de 15 centimes\/kWh par rapport au prix normal, tandis que le prix du reste de la journ\u00e9e \u00e9tait augment\u00e9 de 4 centimes\/kWh. Lors du deuxi\u00e8me traitement, les m\u00e9nages ont \u00e9t\u00e9 confront\u00e9s \u00e0 des prix alternatifs, associ\u00e9s aux m\u00eames baisses et augmentations de prix, mais les p\u00e9riodes de prix bas et de prix \u00e9lev\u00e9s d\u00e9pendaient des pr\u00e9visions m\u00e9t\u00e9orologiques pour la lumi\u00e8re du soleil. Chaque soir, ces m\u00e9nages recevaient un SMS les informant des cr\u00e9neaux horaires \u00e0 prix r\u00e9duit pour le lendemain, qui pouvaient s&rsquo;\u00e9tendre de 10 \u00e0 19 heures. L&rsquo;objectif des deux traitements \u00e9tait donc de cr\u00e9er des incitations financi\u00e8res pour que les m\u00e9nages d\u00e9placent leur consommation vers le milieu de la journ\u00e9e.<\/p>\n<\/div><div class=\"fusion-image-element \" style=\"--awb-caption-title-font-family:var(--h2_typography-font-family);--awb-caption-title-font-weight:var(--h2_typography-font-weight);--awb-caption-title-font-style:var(--h2_typography-font-style);--awb-caption-title-size:var(--h2_typography-font-size);--awb-caption-title-transform:var(--h2_typography-text-transform);--awb-caption-title-line-height:var(--h2_typography-line-height);--awb-caption-title-letter-spacing:var(--h2_typography-letter-spacing);\"><span class=\" fusion-imageframe imageframe-none imageframe-2 hover-type-none\"><img decoding=\"async\" width=\"691\" height=\"694\" alt=\"Flexibilisierung der Nachfrage nach Elektrizit\u00e4t\" title=\"Flexi2\" src=\"https:\/\/swiss-energypark.com\/wp-content\/uploads\/2022\/02\/Flexi2.png\" class=\"img-responsive wp-image-30714\" srcset=\"https:\/\/swiss-energypark.com\/wp-content\/uploads\/2022\/02\/Flexi2-200x201.png 200w, https:\/\/swiss-energypark.com\/wp-content\/uploads\/2022\/02\/Flexi2-400x402.png 400w, https:\/\/swiss-energypark.com\/wp-content\/uploads\/2022\/02\/Flexi2-600x603.png 600w, https:\/\/swiss-energypark.com\/wp-content\/uploads\/2022\/02\/Flexi2.png 691w\" sizes=\"(max-width: 640px) 100vw, 691px\" \/><\/span><\/div><div class=\"fusion-text fusion-text-2\"><p>Des analyses techniques et \u00e9conom\u00e9triques ont \u00e9t\u00e9 r\u00e9alis\u00e9es. De mani\u00e8re g\u00e9n\u00e9rale, il semble que les r\u00e9actions des m\u00e9nages aient \u00e9t\u00e9 relativement modestes. Alors que le potentiel th\u00e9orique de flexibilit\u00e9 est estim\u00e9 \u00e0 17% en moyenne, le d\u00e9placement r\u00e9el de la consommation est de quelques points de pourcentage. Les m\u00e9nages des groupes trait\u00e9s ont tr\u00e8s l\u00e9g\u00e8rement augment\u00e9 leur consommation dans les phases \u00e0 bas tarif, mais ne l&rsquo;ont pas n\u00e9cessairement ajust\u00e9e dans les phases \u00e0 haut tarif. Il existe toutefois des diff\u00e9rences significatives dans les r\u00e9actions des m\u00e9nages. Il convient \u00e9galement de noter que, malgr\u00e9 les fluctuations consid\u00e9rables des prix de l&rsquo;\u00e9lectricit\u00e9 g\u00e9n\u00e9r\u00e9es par la tarification incitative, les gains ou les pertes potentiels pour les m\u00e9nages n&rsquo;ont pas d\u00e9pass\u00e9 quelques francs par mois. Il n&rsquo;est donc pas surprenant que les r\u00e9actions n&rsquo;aient pas \u00e9t\u00e9 tr\u00e8s fortes. En fin de compte, les r\u00e9sultats du projet montrent que la gestion de la demande d&rsquo;\u00e9lectricit\u00e9 par la seule tarification dynamique ne sera pas n\u00e9cessairement facile. Compte tenu du niveau actuel des prix en Suisse, des incitations purement mon\u00e9taires pourraient ne pas suffire \u00e0 modifier le comportement des consommateurs.<\/p>\n<p>D&rsquo;autre part, il semble que les m\u00e9nages qui font le saut d&rsquo;investir dans une installation solaire photovolta\u00efque pour produire de l&rsquo;\u00e9lectricit\u00e9 voient leur comportement de consommation \u00e9voluer plus nettement. Sans interrompre le raccordement au r\u00e9seau, les m\u00e9nages ont tout int\u00e9r\u00eat \u00e0 utiliser l&rsquo;\u00e9nergie qu&rsquo;ils produisent de mani\u00e8re \u00e0 faire baisser leur facture d&rsquo;\u00e9lectricit\u00e9. On observe donc chez les propri\u00e9taires d&rsquo;installations solaires une tendance \u00e0 r\u00e9duire leur consommation en dehors des p\u00e9riodes de production photovolta\u00efque.<\/p>\n<\/div><\/div><\/div><div class=\"fusion-layout-column fusion_builder_column fusion-builder-column-1 fusion_builder_column_1_2 1_2 fusion-flex-column\" style=\"--awb-bg-size:cover;--awb-width-large:50%;--awb-margin-top-large:0px;--awb-spacing-right-large:7.36%;--awb-margin-bottom-large:20px;--awb-spacing-left-large:7.36%;--awb-width-medium:50%;--awb-order-medium:0;--awb-spacing-right-medium:7.36%;--awb-spacing-left-medium:7.36%;--awb-width-small:100%;--awb-order-small:0;--awb-spacing-right-small:3.68%;--awb-spacing-left-small:3.68%;\"><div class=\"fusion-column-wrapper fusion-column-has-shadow fusion-flex-justify-content-flex-start fusion-content-layout-column\"><\/div><\/div><div class=\"fusion-layout-column fusion_builder_column fusion-builder-column-2 fusion_builder_column_1_2 1_2 fusion-flex-column\" style=\"--awb-bg-size:cover;--awb-width-large:50%;--awb-margin-top-large:0px;--awb-spacing-right-large:7.36%;--awb-margin-bottom-large:20px;--awb-spacing-left-large:7.36%;--awb-width-medium:50%;--awb-order-medium:0;--awb-spacing-right-medium:7.36%;--awb-spacing-left-medium:7.36%;--awb-width-small:100%;--awb-order-small:0;--awb-spacing-right-small:3.68%;--awb-spacing-left-small:3.68%;\"><div class=\"fusion-column-wrapper fusion-column-has-shadow fusion-flex-justify-content-flex-start fusion-content-layout-column\"><\/div><\/div><\/div><\/div>\n","protected":false},"excerpt":{"rendered":"","protected":false},"author":5,"featured_media":31676,"comment_status":"open","ping_status":"open","sticky":false,"template":"","format":"standard","meta":{"footnotes":""},"categories":[119],"tags":[141],"class_list":["post-32521","post","type-post","status-publish","format-standard","has-post-thumbnail","hentry","category-archive-fr","tag-research"],"aioseo_notices":[],"_links":{"self":[{"href":"https:\/\/swiss-energypark.com\/fr\/wp-json\/wp\/v2\/posts\/32521","targetHints":{"allow":["GET"]}}],"collection":[{"href":"https:\/\/swiss-energypark.com\/fr\/wp-json\/wp\/v2\/posts"}],"about":[{"href":"https:\/\/swiss-energypark.com\/fr\/wp-json\/wp\/v2\/types\/post"}],"author":[{"embeddable":true,"href":"https:\/\/swiss-energypark.com\/fr\/wp-json\/wp\/v2\/users\/5"}],"replies":[{"embeddable":true,"href":"https:\/\/swiss-energypark.com\/fr\/wp-json\/wp\/v2\/comments?post=32521"}],"version-history":[{"count":4,"href":"https:\/\/swiss-energypark.com\/fr\/wp-json\/wp\/v2\/posts\/32521\/revisions"}],"predecessor-version":[{"id":32537,"href":"https:\/\/swiss-energypark.com\/fr\/wp-json\/wp\/v2\/posts\/32521\/revisions\/32537"}],"wp:featuredmedia":[{"embeddable":true,"href":"https:\/\/swiss-energypark.com\/fr\/wp-json\/wp\/v2\/media\/31676"}],"wp:attachment":[{"href":"https:\/\/swiss-energypark.com\/fr\/wp-json\/wp\/v2\/media?parent=32521"}],"wp:term":[{"taxonomy":"category","embeddable":true,"href":"https:\/\/swiss-energypark.com\/fr\/wp-json\/wp\/v2\/categories?post=32521"},{"taxonomy":"post_tag","embeddable":true,"href":"https:\/\/swiss-energypark.com\/fr\/wp-json\/wp\/v2\/tags?post=32521"}],"curies":[{"name":"wp","href":"https:\/\/api.w.org\/{rel}","templated":true}]}}