{"id":33136,"date":"2021-01-20T09:46:36","date_gmt":"2021-01-20T08:46:36","guid":{"rendered":"https:\/\/swiss-energypark.com\/ces-sujets-nous-ont-emus-ces-dernieres-annees\/"},"modified":"2026-03-05T09:36:14","modified_gmt":"2026-03-05T08:36:14","slug":"ces-sujets-nous-ont-emus-ces-dernieres-annees","status":"publish","type":"post","link":"https:\/\/swiss-energypark.com\/fr\/ces-sujets-nous-ont-emus-ces-dernieres-annees\/","title":{"rendered":"Ces sujets nous ont \u00e9mus ces derni\u00e8res ann\u00e9es"},"content":{"rendered":"<p><div class=\"fusion-bg-parallax\" data-bg-align=\"center top\" data-direction=\"down\" data-mute=\"false\" data-opacity=\"100\" data-velocity=\"-0.3\" data-mobile-enabled=\"false\" data-break_parents=\"0\" data-bg-image=\"https:\/\/swiss-energypark.com\/wp-content\/uploads\/2022\/02\/low-angle-view-of-wind-turbine-in-motion-mood-swiss-energypark.jpg\" data-bg-repeat=\"false\" data-bg-color=\"#6a8a76\" data-blend-mode=\"multiply\" ><\/div><div class=\"fusion-fullwidth fullwidth-box fusion-builder-row-1 fusion-flex-container fusion-parallax-down nonhundred-percent-fullwidth non-hundred-percent-height-scrolling\" style=\"--awb-background-position:center top;--awb-background-blend-mode:multiply;--awb-border-radius-top-left:0px;--awb-border-radius-top-right:0px;--awb-border-radius-bottom-right:0px;--awb-border-radius-bottom-left:0px;--awb-padding-top-medium:100px;--awb-padding-top-small:0px;--awb-min-height:500px;--awb-min-height-small:350px;--awb-background-color:#6a8a76;--awb-background-image:url(&quot;https:\/\/swiss-energypark.com\/wp-content\/uploads\/2022\/02\/low-angle-view-of-wind-turbine-in-motion-mood-swiss-energypark.jpg&quot;);--awb-background-size:cover;--awb-flex-wrap:wrap;\" ><div class=\"fusion-builder-row fusion-row fusion-flex-align-items-flex-end fusion-flex-content-wrap\" style=\"max-width:1296px;margin-left: calc(-8% \/ 2 );margin-right: calc(-8% \/ 2 );\"><div class=\"fusion-layout-column fusion_builder_column fusion-builder-column-0 fusion_builder_column_1_1 1_1 fusion-flex-column\" style=\"--awb-padding-bottom:64px;--awb-bg-size:cover;--awb-width-large:100%;--awb-margin-top-large:0px;--awb-spacing-right-large:3.68%;--awb-margin-bottom-large:20px;--awb-spacing-left-large:3.68%;--awb-width-medium:100%;--awb-order-medium:0;--awb-spacing-right-medium:3.68%;--awb-spacing-left-medium:3.68%;--awb-width-small:100%;--awb-order-small:0;--awb-spacing-right-small:3.68%;--awb-spacing-left-small:3.68%;\"><div class=\"fusion-column-wrapper fusion-column-has-shadow fusion-flex-justify-content-flex-start fusion-content-layout-column\"><div class=\"fusion-title title fusion-title-1 fusion-sep-none fusion-title-center fusion-title-text fusion-title-size-one single-post-title-mobile\" style=\"--awb-text-color:#ffffff;--awb-margin-top-small:10px;--awb-margin-right-small:0px;--awb-margin-bottom-small:10px;--awb-margin-left-small:0px;--awb-font-size:30px;\"><h1 class=\"fusion-title-heading title-heading-center\" style=\"margin:0;font-size:1em;\">Ces sujets nous ont \u00e9mus ces derni\u00e8res ann\u00e9es<\/h1><\/div><\/div><\/div><\/div><\/div><div class=\"fusion-fullwidth fullwidth-box fusion-builder-row-2 fusion-flex-container nonhundred-percent-fullwidth non-hundred-percent-height-scrolling\" style=\"--awb-border-radius-top-left:0px;--awb-border-radius-top-right:0px;--awb-border-radius-bottom-right:0px;--awb-border-radius-bottom-left:0px;--awb-padding-right:0px;--awb-padding-left:0px;--awb-flex-wrap:wrap;\" ><div class=\"fusion-builder-row fusion-row fusion-flex-align-items-flex-start fusion-flex-content-wrap\" style=\"max-width:1296px;margin-left: calc(-8% \/ 2 );margin-right: calc(-8% \/ 2 );\"><div class=\"fusion-layout-column fusion_builder_column fusion-builder-column-1 fusion_builder_column_1_1 1_1 fusion-flex-column\" style=\"--awb-bg-blend:overlay;--awb-bg-size:cover;--awb-width-large:100%;--awb-margin-top-large:0px;--awb-spacing-right-large:3.68%;--awb-margin-bottom-large:0px;--awb-spacing-left-large:3.68%;--awb-width-medium:100%;--awb-spacing-right-medium:3.68%;--awb-spacing-left-medium:3.68%;--awb-width-small:100%;--awb-spacing-right-small:3.68%;--awb-spacing-left-small:3.68%;\"><div class=\"fusion-column-wrapper fusion-flex-justify-content-flex-start fusion-content-layout-column\"><div class=\"fusion-text fusion-text-1\" style=\"--awb-text-transform:none;--awb-text-font-family:&quot;Heebo&quot;;--awb-text-font-style:normal;--awb-text-font-weight:400;\"><p><strong>M\u00eame apr\u00e8s la relance de notre site Web, cela vaut la peine de regarder en arri\u00e8re. Ces sujets nous ont \u00e9mus ainsi que l&rsquo;approvisionnement en \u00e9nergies renouvelables ces derni\u00e8res ann\u00e9es :<\/strong><\/p>\n<h3>Repowering \u00e9olienne JUVENT \u2013 les quatre nouvelles \u00e9oliennes sont en service<\/h3>\n<p>Les travaux de montage dans la plus grande centrale \u00e9olienne r\u00e9partie entre le Mont-Crosin et le Mont-Soleil sont achev\u00e9s. Quatre nouvelles turbines plus puissantes remplacent d\u2019anciens mod\u00e8les et garantiront \u00e0 l\u2019avenir une augmentation de production de 50 \u00e0 70 GWh par an. Dans la vid\u00e9o vous retrouverez les images les plus spectaculaires du repowering provenant de la construction des fondations, du transport et du montage. en savoir plus <a title=\"Mise en service Juvent\" href=\"https:\/\/blog.bkw.ch\/repowering-juvent-die-vier-neuen-windturbinen-sind-in-betrieb\/\" target=\"_blank\" rel=\"noopener\">Mise en service Juvent<\/a><\/p>\n<h3>Une nouvel \u00e9quipement pour une nouvelle l\u00e9gislation<\/h3>\n<p>Apr\u00e8s plusieurs mois de travaux pr\u00e9paratoires et trois semaines d\u2019installation, la Soci\u00e9t\u00e9 des Forces Electriques de La Goule termine actuellement les travaux d\u2019installation d\u2019une nouvelle vanne sur le barrage de sa centrale. Cette derni\u00e8re permettra de r\u00e9guler le d\u00e9bit d\u2019eau selon le nouveau r\u00e8glement d\u2019eau \u00e9labor\u00e9 par les autorit\u00e9s suisses et fran\u00e7aises. <a title=\"Nouvelles r\u00e8gles, nouvelle installation\" href=\"https:\/\/blog.bkw.ch\/eine-neue-anlage-wegen-neuer-rechtsvorschriften\/\" target=\"_blank\" rel=\"noopener\">Nouvelles r\u00e8gles, nouvelle installation<\/a><\/p>\n<h3>Les premiers pas de la turbine sept, enfant terrible<\/h3>\n<p>Depuis octobre 2016, les quatre nouvelles turbines du parc \u00e9olien JUVENT produisent de l\u2019\u00e9lectricit\u00e9 de fa\u00e7on fiable. Apr\u00e8s seulement deux mois, elles avaient d\u00e9j\u00e0 atteint la production annuelle des anciennes turbines avant le repowering. Avec sa voisine, la turbine num\u00e9ro sept, ou \u00abE7\u00bb, est celle qui produit le plus d\u2019\u00e9lectricit\u00e9. Pourtant, tout au long du projet de construction, l\u2019\u00abE7\u00bb nous en a fait voir de toutes les couleurs. Une revue. <a title=\"De l'enfant \u00e0 probl\u00e8me \u00e0 l'interpr\u00e8te\" href=\"https:\/\/blog.bkw.ch\/turbine-sieben\/\" target=\"_blank\" rel=\"noopener\">De l&rsquo;enfant \u00e0 probl\u00e8me \u00e0 l&rsquo;interpr\u00e8te<\/a><\/p>\n<h3>D\u00e9couvrez en grandeur nature comment l\u2019\u00e9lectricit\u00e9 est produite<\/h3>\n<p>Savez-vous \u00e0 quel point le vent doit souffler pour faire tourner une \u00e9olienne? Sur la cr\u00eate du Mont-Soleil, int\u00e9gr\u00e9es au paysage de collines verdoyantes du Jura, on aper\u00e7oit 16 \u00e9oliennes et une grosse installation photovolta\u00efque appartenant \u00e0 BKW. D\u00e9couvrez comment produire de l\u2019\u00e9nergie renouvelable et g\u00e9rer la consommation. Sentez par vous-m\u00eame \u00e0 quel point le vent doit souffler pour faire tourner une \u00e9olienne. Apprenez-en davantage sur l\u2019histoire de l\u2019\u00e9nergie au nouveau centre visiteurs BKW du Mont-Soleil. <a title=\"\u00c0 propos du centre d'accueil\" href=\"https:\/\/blog.bkw.ch\/eins-zu-eins-erleben-wie-strom-entsteht\/\" target=\"_blank\" rel=\"noopener\">\u00c0 propos du centre d&rsquo;accueil<\/a><\/p>\n<h3>La plus grande toiture photovolta\u00efque de Suisse bient\u00f4t en service!<\/h3>\n<p>A Courgenay, BKW r\u00e9alise l\u2019installation photovolta\u00efque la plus performante de Suisse en partenariat avec Energie du Jura (EDJ) et GEFCO Suisse SA, leader de la logistique automobile et industrielle: une fois achev\u00e9e en mars 2016, elle permettra de r\u00e9pondre aux besoins annuels en \u00e9lectricit\u00e9 de 1550 m\u00e9nages. <a title=\"Un nouveau syst\u00e8me photovolta\u00efque\" href=\"https:\/\/blog.bkw.ch\/hier-entsteht-die-leistungsstaerkste-fotovoltaikanlage-der-schweiz\/\" target=\"_blank\" rel=\"noopener\">Un nouveau syst\u00e8me photovolta\u00efque<\/a><\/p>\n<h3>Comment nous obtenons deux fois plus d\u2019\u00e9nergie solaire dans notre r\u00e9seau<\/h3>\n<p>Le BKW Technology Center travaille en collaboration avec diverses universit\u00e9s \u00e0 l\u2019\u00e9laboration de strat\u00e9gies visant \u00e0 int\u00e9grer \u00e0 moindre co\u00fbt davantage d\u2019\u00e9nergie solaire dans le r\u00e9seau de distribution existant. L\u2019approche du dimensionnement ind\u00e9pendant du champ de module et de l\u2019onduleur pourrait \u00eatre un \u00e9l\u00e9ment cl\u00e9 \u00e0 cet effet. Le PV-Lab de la Haute \u00e9cole sp\u00e9cialis\u00e9e bernoise BFH \u00e0 Berthoud \u00e9tudie avec nous les possibilit\u00e9s techniques de mise en \u0153uvre. <a title=\"C'est ainsi que nous d\u00e9veloppons l'\u00e9nergie solaire\" href=\"https:\/\/blog.bkw.ch\/wie-wir-doppelt-so-viel-solarstrom-in-unser-netz-kriegen\/\" target=\"_blank\" rel=\"noopener\">C&rsquo;est ainsi que nous d\u00e9veloppons l&rsquo;\u00e9nergie solaire<\/a><\/p>\n<\/div><\/div><\/div><\/div><\/div><div class=\"fusion-fullwidth fullwidth-box fusion-builder-row-3 fusion-flex-container nonhundred-percent-fullwidth non-hundred-percent-height-scrolling\" style=\"--awb-background-position:right center;--awb-border-radius-top-left:0px;--awb-border-radius-top-right:0px;--awb-border-radius-bottom-right:0px;--awb-border-radius-bottom-left:0px;--awb-padding-bottom:80px;--awb-background-color:#ffffff;--awb-flex-wrap:wrap;\" ><div class=\"fusion-builder-row fusion-row fusion-flex-align-items-stretch fusion-flex-content-wrap\" style=\"max-width:1296px;margin-left: calc(-8% \/ 2 );margin-right: calc(-8% \/ 2 );\"><div class=\"fusion-layout-column fusion_builder_column fusion-builder-column-2 fusion_builder_column_1_1 1_1 fusion-flex-column\" style=\"--awb-bg-size:cover;--awb-width-large:100%;--awb-margin-top-large:0px;--awb-spacing-right-large:3.68%;--awb-margin-bottom-large:0px;--awb-spacing-left-large:3.68%;--awb-width-medium:100%;--awb-order-medium:0;--awb-spacing-right-medium:3.68%;--awb-spacing-left-medium:3.68%;--awb-width-small:100%;--awb-order-small:0;--awb-spacing-right-small:3.68%;--awb-spacing-left-small:3.68%;\"><div class=\"fusion-column-wrapper fusion-column-has-shadow fusion-flex-justify-content-flex-start fusion-content-layout-column\"><div class=\"fusion-title title fusion-title-2 fusion-sep-none fusion-title-text fusion-title-size-three\" style=\"--awb-text-color:#000000;--awb-margin-bottom:50px;--awb-margin-top-small:10px;--awb-margin-right-small:0px;--awb-margin-bottom-small:40px;--awb-margin-left-small:0px;\"><h3 class=\"fusion-title-heading title-heading-left\" style=\"margin:0;\">Cela pourrait aussi vous int\u00e9resser<\/h3><\/div><div class=\"fusion-blog-shortcode fusion-blog-shortcode-1 fusion-blog-archive fusion-blog-layout-grid-wrapper fusion-blog-no fusion-blog-layout-center blog-grid-global\"><style type=\"text\/css\">.fusion-blog-shortcode-1 .fusion-blog-layout-grid .fusion-post-grid{padding:20px;}.fusion-blog-shortcode-1 .fusion-posts-container{margin-left: -20px !important; margin-right:-20px !important;}<\/style><div class=\"fusion-posts-container fusion-posts-container-no fusion-blog-layout-grid fusion-blog-layout-grid-3 isotope fusion-blog-equal-heights\" data-pages=\"7\" data-grid-col-space=\"40\" style=\"margin: -20px -20px 0;min-height:500px;\"><article id=\"blog-1-post-32592\" class=\"fusion-post-grid post-32592 post type-post status-publish format-standard has-post-thumbnail hentry category-big-blog-fr category-posts-fr tag-news\">\n<div class=\"fusion-post-wrapper\" style=\"background-color:rgba(255,255,255,0);border:1px solid #dddddd;border-bottom-width:3px;\">\n\n\t\t\t<div class=\"fusion-flexslider flexslider fusion-flexslider-loading fusion-post-slideshow\" style=\"border-color:#dddddd;\">\n\t\t<ul class=\"slides\">\n\t\t\t\n\t\t\t\t\t\t\t\t\t\t\t\t\t\t<li><div  class=\"fusion-image-wrapper\" aria-haspopup=\"true\">\n\t\t\t\t\t\t\t<a href=\"https:\/\/swiss-energypark.com\/fr\/sep-autoconsommation-annuelle-2023\/\" aria-label=\"SEP-Autoconsommation annuelle 2023\">\n\t\t\t\t\t\t\t<img decoding=\"async\" width=\"1126\" height=\"641\" src=\"https:\/\/swiss-energypark.com\/wp-content\/uploads\/2024\/03\/240229_MM_Swiss-Energypark_FR.jpg\" class=\"attachment-full size-full wp-post-image\" alt=\"\" srcset=\"https:\/\/swiss-energypark.com\/wp-content\/uploads\/2024\/03\/240229_MM_Swiss-Energypark_FR-200x114.jpg 200w, https:\/\/swiss-energypark.com\/wp-content\/uploads\/2024\/03\/240229_MM_Swiss-Energypark_FR-400x228.jpg 400w, https:\/\/swiss-energypark.com\/wp-content\/uploads\/2024\/03\/240229_MM_Swiss-Energypark_FR-600x342.jpg 600w, https:\/\/swiss-energypark.com\/wp-content\/uploads\/2024\/03\/240229_MM_Swiss-Energypark_FR-800x455.jpg 800w, https:\/\/swiss-energypark.com\/wp-content\/uploads\/2024\/03\/240229_MM_Swiss-Energypark_FR.jpg 1126w\" sizes=\"(min-width: 2200px) 100vw, (min-width: 784px) 373px, (min-width: 712px) 560px, (min-width: 640px) 712px, \" \/>\t\t\t<\/a>\n\t\t\t\t\t\t\t<\/div>\n<\/li>\n\t\t\t\n\t\t\t\n\t\t\t\t\t\t\t\t\t\t\t\t\t\t\t\t\t\t\t\t\t\t\t\t\t\t\t\t\t\t\t\t\t\t\t\t\t\t<\/ul>\n\t<\/div>\n\t<div class=\"fusion-post-content-wrapper\" style=\"padding:30px 25px 25px 25px;\"><div class=\"fusion-post-content post-content\"><h2 class=\"blog-shortcode-post-title entry-title\"><a href=\"https:\/\/swiss-energypark.com\/fr\/sep-autoconsommation-annuelle-2023\/\">SEP-Autoconsommation annuelle 2023<\/a><\/h2><p class=\"fusion-single-line-meta\"><span class=\"vcard\" style=\"display: none;\"><span class=\"fn\"><a href=\"https:\/\/swiss-energypark.com\/fr\/author\/laurent_raeber\/\" rel=\"author\">Laurent Raeber<\/a><\/span><\/span><span class=\"updated\" style=\"display:none;\">2026-03-05T01:30:09+01:00<\/span><span>1 mars 2024<\/span><span class=\"fusion-inline-sep\">|<\/span><\/p><div class=\"fusion-content-sep sep-none\"><\/div><div class=\"fusion-post-content-container\"><p> Swiss Energypark 2023: nouveaux records de production et d\u00e9fis [...]<\/p><\/div><\/div><div class=\"fusion-meta-info\"><div class=\"fusion-aligncenter\"><a class=\"fusion-read-more\" href=\"https:\/\/swiss-energypark.com\/fr\/sep-autoconsommation-annuelle-2023\/\" aria-label=\"More on SEP-Autoconsommation annuelle 2023\">Mehr lesen<\/a><\/div><\/div><\/div><div class=\"fusion-clearfix\"><\/div><\/div>\n<\/article>\n<article id=\"blog-1-post-29435\" class=\"fusion-post-grid post-29435 post type-post status-publish format-standard has-post-thumbnail hentry category-newss-de\">\n<div class=\"fusion-post-wrapper\" style=\"background-color:rgba(255,255,255,0);border:1px solid #dddddd;border-bottom-width:3px;\">\n\n\t\t\t<div class=\"fusion-flexslider flexslider fusion-flexslider-loading fusion-post-slideshow\" style=\"border-color:#dddddd;\">\n\t\t<ul class=\"slides\">\n\t\t\t\n\t\t\t\t\t\t\t\t\t\t\t\t\t\t<li><div  class=\"fusion-image-wrapper\" aria-haspopup=\"true\">\n\t\t\t\t\t\t\t<a href=\"https:\/\/swiss-energypark.com\/fr\/ein-einzigartiges-labor-unter-realen-bedingungen\/\" aria-label=\"Ein einzigartiges Labor unter realen Bedingungen\">\n\t\t\t\t\t\t\t<img decoding=\"async\" width=\"2000\" height=\"1333\" src=\"https:\/\/swiss-energypark.com\/wp-content\/uploads\/2022\/02\/drone-operator-summer-school_swiss-energypark.jpg\" class=\"attachment-full size-full wp-post-image\" alt=\"Student testet eine Drohne auf dem Mont Soleil\" srcset=\"https:\/\/swiss-energypark.com\/wp-content\/uploads\/2022\/02\/drone-operator-summer-school_swiss-energypark-200x133.jpg 200w, https:\/\/swiss-energypark.com\/wp-content\/uploads\/2022\/02\/drone-operator-summer-school_swiss-energypark-400x267.jpg 400w, https:\/\/swiss-energypark.com\/wp-content\/uploads\/2022\/02\/drone-operator-summer-school_swiss-energypark-600x400.jpg 600w, https:\/\/swiss-energypark.com\/wp-content\/uploads\/2022\/02\/drone-operator-summer-school_swiss-energypark-800x533.jpg 800w, https:\/\/swiss-energypark.com\/wp-content\/uploads\/2022\/02\/drone-operator-summer-school_swiss-energypark-1200x800.jpg 1200w, https:\/\/swiss-energypark.com\/wp-content\/uploads\/2022\/02\/drone-operator-summer-school_swiss-energypark.jpg 2000w\" sizes=\"(min-width: 2200px) 100vw, (min-width: 784px) 373px, (min-width: 712px) 560px, (min-width: 640px) 712px, \" \/>\t\t\t<\/a>\n\t\t\t\t\t\t\t<\/div>\n<\/li>\n\t\t\t\n\t\t\t\n\t\t\t\t\t\t\t\t\t\t\t\t\t\t\t\t\t\t\t\t\t\t\t\t\t\t\t\t\t\t\t\t\t\t\t\t\t\t<\/ul>\n\t<\/div>\n\t<div class=\"fusion-post-content-wrapper\" style=\"padding:30px 25px 25px 25px;\"><div class=\"fusion-post-content post-content\"><h2 class=\"blog-shortcode-post-title entry-title\"><a href=\"https:\/\/swiss-energypark.com\/fr\/ein-einzigartiges-labor-unter-realen-bedingungen\/\">Ein einzigartiges Labor unter realen Bedingungen<\/a><\/h2><p class=\"fusion-single-line-meta\"><span class=\"vcard\" style=\"display: none;\"><span class=\"fn\"><a href=\"https:\/\/swiss-energypark.com\/fr\/author\/laurent_raeber\/\" rel=\"author\">Laurent Raeber<\/a><\/span><\/span><span class=\"updated\" style=\"display:none;\">2022-03-28T15:41:21+02:00<\/span><span>14 janvier 2022<\/span><span class=\"fusion-inline-sep\">|<\/span><\/p><div class=\"fusion-content-sep sep-none\"><\/div><div class=\"fusion-post-content-container\"><p>Der Swiss Energypark ist ein einzigartiger Ort, um neue Produkte unter realen Bedingungen zu testen.<\/p><\/div><\/div><div class=\"fusion-meta-info\"><div class=\"fusion-aligncenter\"><a class=\"fusion-read-more\" href=\"https:\/\/swiss-energypark.com\/fr\/ein-einzigartiges-labor-unter-realen-bedingungen\/\" aria-label=\"More on Ein einzigartiges Labor unter realen Bedingungen\">Mehr lesen<\/a><\/div><\/div><\/div><div class=\"fusion-clearfix\"><\/div><\/div>\n<\/article>\n<article id=\"blog-1-post-29429\" class=\"fusion-post-grid post-29429 post type-post status-publish format-video has-post-thumbnail hentry category-big-blog-de category-newss-de post_format-post-format-video\">\n<div class=\"fusion-post-wrapper\" style=\"background-color:rgba(255,255,255,0);border:1px solid #dddddd;border-bottom-width:3px;\">\n\n\t\t\t<div class=\"fusion-flexslider flexslider fusion-flexslider-loading fusion-post-slideshow\" style=\"border-color:#dddddd;\">\n\t\t<ul class=\"slides\">\n\t\t\t\n\t\t\t\t\t\t\t\t\t\t\t\t\t\t<li><div  class=\"fusion-image-wrapper\" aria-haspopup=\"true\">\n\t\t\t\t\t\t\t<a href=\"https:\/\/swiss-energypark.com\/fr\/der-berner-jura-verfolgt-seine-wirtschaftsstrategie-2030\/\" aria-label=\"Der Berner Jura verfolgt seine Wirtschaftsstrategie 2030\">\n\t\t\t\t\t\t\t<img decoding=\"async\" width=\"2000\" height=\"1333\" src=\"https:\/\/swiss-energypark.com\/wp-content\/uploads\/2022\/02\/dam-view-water_swiss-energypark.jpg\" class=\"attachment-full size-full wp-post-image\" alt=\"Staudamm im Swiss Energypark\" srcset=\"https:\/\/swiss-energypark.com\/wp-content\/uploads\/2022\/02\/dam-view-water_swiss-energypark-200x133.jpg 200w, https:\/\/swiss-energypark.com\/wp-content\/uploads\/2022\/02\/dam-view-water_swiss-energypark-400x267.jpg 400w, https:\/\/swiss-energypark.com\/wp-content\/uploads\/2022\/02\/dam-view-water_swiss-energypark-600x400.jpg 600w, https:\/\/swiss-energypark.com\/wp-content\/uploads\/2022\/02\/dam-view-water_swiss-energypark-800x533.jpg 800w, https:\/\/swiss-energypark.com\/wp-content\/uploads\/2022\/02\/dam-view-water_swiss-energypark-1200x800.jpg 1200w, https:\/\/swiss-energypark.com\/wp-content\/uploads\/2022\/02\/dam-view-water_swiss-energypark.jpg 2000w\" sizes=\"(min-width: 2200px) 100vw, (min-width: 784px) 373px, (min-width: 712px) 560px, (min-width: 640px) 712px, \" \/>\t\t\t<\/a>\n\t\t\t\t\t\t\t<\/div>\n<\/li>\n\t\t\t\n\t\t\t\n\t\t\t\t\t\t\t\t\t\t\t\t\t\t\t\t\t\t\t\t\t\t\t\t\t\t\t\t\t\t\t\t\t\t\t\t\t\t<\/ul>\n\t<\/div>\n\t<div class=\"fusion-post-content-wrapper\" style=\"padding:30px 25px 25px 25px;\"><div class=\"fusion-post-content post-content\"><h2 class=\"blog-shortcode-post-title entry-title\"><a href=\"https:\/\/swiss-energypark.com\/fr\/der-berner-jura-verfolgt-seine-wirtschaftsstrategie-2030\/\">Der Berner Jura verfolgt seine Wirtschaftsstrategie 2030<\/a><\/h2><p class=\"fusion-single-line-meta\"><span class=\"vcard\" style=\"display: none;\"><span class=\"fn\"><a href=\"https:\/\/swiss-energypark.com\/fr\/author\/wyssmannllc\/\" rel=\"author\">WyssmannLLC<\/a><\/span><\/span><span class=\"updated\" style=\"display:none;\">2024-03-01T10:38:18+01:00<\/span><span>14 janvier 2022<\/span><span class=\"fusion-inline-sep\">|<\/span><\/p><div class=\"fusion-content-sep sep-none\"><\/div><div class=\"fusion-post-content-container\"><p>2018 schlug die Wirtschaftskammer Berner Jura vor, die Region mit einer Wirtschaftsstrategie f\u00fcr 2030 auszustatten.<\/p><\/div><\/div><div class=\"fusion-meta-info\"><div class=\"fusion-aligncenter\"><a class=\"fusion-read-more\" href=\"https:\/\/swiss-energypark.com\/fr\/der-berner-jura-verfolgt-seine-wirtschaftsstrategie-2030\/\" aria-label=\"More on Der Berner Jura verfolgt seine Wirtschaftsstrategie 2030\">Mehr lesen<\/a><\/div><\/div><\/div><div class=\"fusion-clearfix\"><\/div><\/div>\n<\/article>\n<div class=\"fusion-clearfix\"><\/div><\/div><\/div><\/div><\/div><\/div><\/div><\/p>\n","protected":false},"excerpt":{"rendered":"<p>M\u00eame apr\u00e8s la relance de notre site Web, cela vaut la peine de regarder en arri\u00e8re. Ces sujets nous ont \u00e9mus ainsi que l&rsquo;approvisionnement en \u00e9nergies renouvelables ces derni\u00e8res ann\u00e9es.<\/p>\n","protected":false},"author":5,"featured_media":29924,"comment_status":"open","ping_status":"open","sticky":false,"template":"","format":"standard","meta":{"footnotes":""},"categories":[33],"tags":[],"class_list":["post-33136","post","type-post","status-publish","format-standard","has-post-thumbnail","hentry","category-posts-fr"],"aioseo_notices":[],"aioseo_head":"\n\t\t<!-- All in One SEO Pro 5.0.0.1 - aioseo.com -->\n\t<meta name=\"description\" content=\"#post_auszug\" \/>\n\t<meta name=\"robots\" content=\"max-image-preview:large\" \/>\n\t<meta name=\"author\" content=\"WyssmannLLC\"\/>\n\t<meta name=\"google-site-verification\" content=\"jbMF5_U2YkYwzSojMxlC4CJAQs0OP5X2k6heXc8UfWo\" \/>\n\t<link rel=\"canonical\" href=\"https:\/\/swiss-energypark.com\/fr\/der-berner-jura-verfolgt-seine-wirtschaftsstrategie-2030\/\" \/>\n\t<meta name=\"generator\" content=\"All in One SEO Pro (AIOSEO) 5.0.0.1\" \/>\n\t\t<meta property=\"og:locale\" content=\"fr_FR\" \/>\n\t\t<meta property=\"og:site_name\" content=\"Swiss Energypark \u26a1 Pilotregion der Energiewende\" \/>\n\t\t<meta property=\"og:type\" content=\"article\" \/>\n\t\t<meta property=\"og:title\" content=\"Der Berner Jura verfolgt seine Wirtschaftsstrategie 2030 \u26a1 Swiss Energypark\" \/>\n\t\t<meta property=\"og:description\" content=\"#post_auszug\" \/>\n\t\t<meta property=\"og:url\" content=\"https:\/\/swiss-energypark.com\/fr\/der-berner-jura-verfolgt-seine-wirtschaftsstrategie-2030\/\" \/>\n\t\t<meta property=\"article:published_time\" content=\"2022-01-14T07:16:16+00:00\" \/>\n\t\t<meta property=\"article:modified_time\" content=\"2024-03-01T09:38:18+00:00\" \/>\n\t\t<meta name=\"twitter:card\" content=\"summary\" \/>\n\t\t<meta name=\"twitter:title\" content=\"Der Berner Jura verfolgt seine Wirtschaftsstrategie 2030 \u26a1 Swiss Energypark\" \/>\n\t\t<meta name=\"twitter:description\" content=\"#post_auszug\" \/>\n\t\t<script type=\"application\/ld+json\" class=\"aioseo-schema\">\n\t\t\t{\"@context\":\"https:\\\/\\\/schema.org\",\"@graph\":[{\"@type\":\"BlogPosting\",\"@id\":\"https:\\\/\\\/swiss-energypark.com\\\/fr\\\/der-berner-jura-verfolgt-seine-wirtschaftsstrategie-2030\\\/aioseo-article-636d220369760\",\"name\":\"Der Berner Jura verfolgt seine Wirtschaftsstrategie 2030\",\"headline\":\"Der Berner Jura verfolgt seine Wirtschaftsstrategie 2030\",\"description\":\"2018 schlug die Wirtschaftskammer Berner Jura vor, die Region mit einer Wirtschaftsstrategie f\\u00fcr 2030 auszustatten.\",\"author\":{\"@type\":\"Person\",\"name\":\"WyssmannLLC\",\"url\":\"https:\\\/\\\/swiss-energypark.com\\\/fr\\\/author\\\/wyssmannllc\\\/\"},\"publisher\":{\"@id\":\"https:\\\/\\\/swiss-energypark.com\\\/fr\\\/#organization\"},\"image\":{\"@type\":\"ImageObject\",\"url\":\"https:\\\/\\\/swiss-energypark.com\\\/wp-content\\\/uploads\\\/2022\\\/02\\\/dam-view-water_swiss-energypark.jpg\",\"width\":2000,\"height\":1333,\"caption\":\"Staudamm im Swiss Energypark\"},\"datePublished\":\"2022-01-14T08:16:16+01:00\",\"dateModified\":\"2024-03-01T10:38:18+01:00\",\"inLanguage\":\"fr-FR\",\"articleSection\":\"Featured News DE, News DE, Vid\\u00e9o, Optional\"},{\"@type\":\"BreadcrumbList\",\"@id\":\"https:\\\/\\\/swiss-energypark.com\\\/fr\\\/der-berner-jura-verfolgt-seine-wirtschaftsstrategie-2030\\\/#breadcrumblist\",\"itemListElement\":[{\"@type\":\"ListItem\",\"@id\":\"https:\\\/\\\/swiss-energypark.com\\\/fr\\\/#listItem\",\"position\":1,\"name\":\"Home\",\"item\":\"https:\\\/\\\/swiss-energypark.com\\\/fr\\\/\",\"nextItem\":{\"@type\":\"ListItem\",\"@id\":\"https:\\\/\\\/swiss-energypark.com\\\/fr\\\/category\\\/posts-fr\\\/#listItem\",\"name\":\"News FR\"}},{\"@type\":\"ListItem\",\"@id\":\"https:\\\/\\\/swiss-energypark.com\\\/fr\\\/category\\\/posts-fr\\\/#listItem\",\"position\":2,\"name\":\"News FR\",\"item\":\"https:\\\/\\\/swiss-energypark.com\\\/fr\\\/category\\\/posts-fr\\\/\",\"nextItem\":{\"@type\":\"ListItem\",\"@id\":\"https:\\\/\\\/swiss-energypark.com\\\/fr\\\/ces-sujets-nous-ont-emus-ces-dernieres-annees\\\/#listItem\",\"name\":\"Ces sujets nous ont \\u00e9mus ces derni\\u00e8res ann\\u00e9es\"},\"previousItem\":{\"@type\":\"ListItem\",\"@id\":\"https:\\\/\\\/swiss-energypark.com\\\/fr\\\/#listItem\",\"name\":\"Home\"}},{\"@type\":\"ListItem\",\"@id\":\"https:\\\/\\\/swiss-energypark.com\\\/fr\\\/ces-sujets-nous-ont-emus-ces-dernieres-annees\\\/#listItem\",\"position\":3,\"name\":\"Ces sujets nous ont \\u00e9mus ces derni\\u00e8res ann\\u00e9es\",\"previousItem\":{\"@type\":\"ListItem\",\"@id\":\"https:\\\/\\\/swiss-energypark.com\\\/fr\\\/category\\\/posts-fr\\\/#listItem\",\"name\":\"News FR\"}}]},{\"@type\":\"Organization\",\"@id\":\"https:\\\/\\\/swiss-energypark.com\\\/fr\\\/#organization\",\"name\":\"Swiss Energypark\",\"description\":\"Pilotregion der Energiewende\",\"url\":\"https:\\\/\\\/swiss-energypark.com\\\/fr\\\/\",\"telephone\":\"+41329424111\",\"logo\":{\"@type\":\"ImageObject\",\"url\":\"https:\\\/\\\/swiss-energypark.com\\\/wp-content\\\/uploads\\\/2021\\\/12\\\/logo-swiss-energypark-full.png\",\"@id\":\"https:\\\/\\\/swiss-energypark.com\\\/fr\\\/der-berner-jura-verfolgt-seine-wirtschaftsstrategie-2030\\\/#organizationLogo\",\"width\":939,\"height\":756,\"caption\":\"logo swiss energypark full\"},\"image\":{\"@id\":\"https:\\\/\\\/swiss-energypark.com\\\/fr\\\/der-berner-jura-verfolgt-seine-wirtschaftsstrategie-2030\\\/#organizationLogo\"}},{\"@type\":\"Person\",\"@id\":\"https:\\\/\\\/swiss-energypark.com\\\/fr\\\/author\\\/wyssmannllc\\\/#author\",\"url\":\"https:\\\/\\\/swiss-energypark.com\\\/fr\\\/author\\\/wyssmannllc\\\/\",\"name\":\"WyssmannLLC\",\"image\":{\"@type\":\"ImageObject\",\"@id\":\"https:\\\/\\\/swiss-energypark.com\\\/fr\\\/der-berner-jura-verfolgt-seine-wirtschaftsstrategie-2030\\\/#authorImage\",\"url\":\"https:\\\/\\\/secure.gravatar.com\\\/avatar\\\/0343250494349aa9dc9aa98b2218801c1f7f8efed8aa8a6339e9d0d594ec805c?s=96&r=g\",\"width\":96,\"height\":96,\"caption\":\"WyssmannLLC\"}},{\"@type\":\"WebPage\",\"@id\":\"https:\\\/\\\/swiss-energypark.com\\\/fr\\\/der-berner-jura-verfolgt-seine-wirtschaftsstrategie-2030\\\/#webpage\",\"url\":\"https:\\\/\\\/swiss-energypark.com\\\/fr\\\/der-berner-jura-verfolgt-seine-wirtschaftsstrategie-2030\\\/\",\"name\":\"Der Berner Jura verfolgt seine Wirtschaftsstrategie 2030 \\u26a1 Swiss Energypark\",\"description\":\"#post_auszug\",\"inLanguage\":\"fr-FR\",\"isPartOf\":{\"@id\":\"https:\\\/\\\/swiss-energypark.com\\\/fr\\\/#website\"},\"breadcrumb\":{\"@id\":\"https:\\\/\\\/swiss-energypark.com\\\/fr\\\/der-berner-jura-verfolgt-seine-wirtschaftsstrategie-2030\\\/#breadcrumblist\"},\"author\":{\"@id\":\"https:\\\/\\\/swiss-energypark.com\\\/fr\\\/author\\\/wyssmannllc\\\/#author\"},\"creator\":{\"@id\":\"https:\\\/\\\/swiss-energypark.com\\\/fr\\\/author\\\/wyssmannllc\\\/#author\"},\"image\":{\"@type\":\"ImageObject\",\"url\":\"https:\\\/\\\/swiss-energypark.com\\\/wp-content\\\/uploads\\\/2022\\\/02\\\/dam-view-water_swiss-energypark.jpg\",\"@id\":\"https:\\\/\\\/swiss-energypark.com\\\/fr\\\/der-berner-jura-verfolgt-seine-wirtschaftsstrategie-2030\\\/#mainImage\",\"width\":2000,\"height\":1333,\"caption\":\"Staudamm im Swiss Energypark\"},\"primaryImageOfPage\":{\"@id\":\"https:\\\/\\\/swiss-energypark.com\\\/fr\\\/der-berner-jura-verfolgt-seine-wirtschaftsstrategie-2030\\\/#mainImage\"},\"datePublished\":\"2022-01-14T08:16:16+01:00\",\"dateModified\":\"2024-03-01T10:38:18+01:00\"},{\"@type\":\"WebSite\",\"@id\":\"https:\\\/\\\/swiss-energypark.com\\\/fr\\\/#website\",\"url\":\"https:\\\/\\\/swiss-energypark.com\\\/fr\\\/\",\"name\":\"Swiss Energypark\",\"description\":\"Pilotregion der Energiewende\",\"inLanguage\":\"fr-FR\",\"publisher\":{\"@id\":\"https:\\\/\\\/swiss-energypark.com\\\/fr\\\/#organization\"}}]}\n\t\t<\/script>\n\t\t<!-- All in One SEO Pro -->\r\n\t\t<title>Der Berner Jura verfolgt seine Wirtschaftsstrategie 2030 \u26a1 Swiss Energypark<\/title>\n\n","aioseo_head_json":{"title":"Der Berner Jura verfolgt seine Wirtschaftsstrategie 2030 \u26a1 Swiss Energypark","description":"#post_auszug","canonical_url":"https:\/\/swiss-energypark.com\/fr\/der-berner-jura-verfolgt-seine-wirtschaftsstrategie-2030\/","robots":"max-image-preview:large","keywords":"","webmasterTools":{"google-site-verification":"jbMF5_U2YkYwzSojMxlC4CJAQs0OP5X2k6heXc8UfWo","miscellaneous":""},"schema":{"@context":"https:\/\/schema.org","@graph":[{"@type":"BlogPosting","@id":"https:\/\/swiss-energypark.com\/fr\/der-berner-jura-verfolgt-seine-wirtschaftsstrategie-2030\/aioseo-article-636d220369760","name":"Der Berner Jura verfolgt seine Wirtschaftsstrategie 2030","headline":"Der Berner Jura verfolgt seine Wirtschaftsstrategie 2030","description":"2018 schlug die Wirtschaftskammer Berner Jura vor, die Region mit einer Wirtschaftsstrategie f\u00fcr 2030 auszustatten.","author":{"@type":"Person","name":"WyssmannLLC","url":"https:\/\/swiss-energypark.com\/fr\/author\/wyssmannllc\/"},"publisher":{"@id":"https:\/\/swiss-energypark.com\/fr\/#organization"},"image":{"@type":"ImageObject","url":"https:\/\/swiss-energypark.com\/wp-content\/uploads\/2022\/02\/dam-view-water_swiss-energypark.jpg","width":2000,"height":1333,"caption":"Staudamm im Swiss Energypark"},"datePublished":"2022-01-14T08:16:16+01:00","dateModified":"2024-03-01T10:38:18+01:00","inLanguage":"fr-FR","articleSection":"Featured News DE, News DE, Vid\u00e9o, Optional"},{"@type":"BreadcrumbList","@id":"https:\/\/swiss-energypark.com\/fr\/der-berner-jura-verfolgt-seine-wirtschaftsstrategie-2030\/#breadcrumblist","itemListElement":[{"@type":"ListItem","@id":"https:\/\/swiss-energypark.com\/fr\/#listItem","position":1,"name":"Home","item":"https:\/\/swiss-energypark.com\/fr\/","nextItem":{"@type":"ListItem","@id":"https:\/\/swiss-energypark.com\/fr\/category\/posts-fr\/#listItem","name":"News FR"}},{"@type":"ListItem","@id":"https:\/\/swiss-energypark.com\/fr\/category\/posts-fr\/#listItem","position":2,"name":"News FR","item":"https:\/\/swiss-energypark.com\/fr\/category\/posts-fr\/","nextItem":{"@type":"ListItem","@id":"https:\/\/swiss-energypark.com\/fr\/ces-sujets-nous-ont-emus-ces-dernieres-annees\/#listItem","name":"Ces sujets nous ont \u00e9mus ces derni\u00e8res ann\u00e9es"},"previousItem":{"@type":"ListItem","@id":"https:\/\/swiss-energypark.com\/fr\/#listItem","name":"Home"}},{"@type":"ListItem","@id":"https:\/\/swiss-energypark.com\/fr\/ces-sujets-nous-ont-emus-ces-dernieres-annees\/#listItem","position":3,"name":"Ces sujets nous ont \u00e9mus ces derni\u00e8res ann\u00e9es","previousItem":{"@type":"ListItem","@id":"https:\/\/swiss-energypark.com\/fr\/category\/posts-fr\/#listItem","name":"News FR"}}]},{"@type":"Organization","@id":"https:\/\/swiss-energypark.com\/fr\/#organization","name":"Swiss Energypark","description":"Pilotregion der Energiewende","url":"https:\/\/swiss-energypark.com\/fr\/","telephone":"+41329424111","logo":{"@type":"ImageObject","url":"https:\/\/swiss-energypark.com\/wp-content\/uploads\/2021\/12\/logo-swiss-energypark-full.png","@id":"https:\/\/swiss-energypark.com\/fr\/der-berner-jura-verfolgt-seine-wirtschaftsstrategie-2030\/#organizationLogo","width":939,"height":756,"caption":"logo swiss energypark full"},"image":{"@id":"https:\/\/swiss-energypark.com\/fr\/der-berner-jura-verfolgt-seine-wirtschaftsstrategie-2030\/#organizationLogo"}},{"@type":"Person","@id":"https:\/\/swiss-energypark.com\/fr\/author\/wyssmannllc\/#author","url":"https:\/\/swiss-energypark.com\/fr\/author\/wyssmannllc\/","name":"WyssmannLLC","image":{"@type":"ImageObject","@id":"https:\/\/swiss-energypark.com\/fr\/der-berner-jura-verfolgt-seine-wirtschaftsstrategie-2030\/#authorImage","url":"https:\/\/secure.gravatar.com\/avatar\/0343250494349aa9dc9aa98b2218801c1f7f8efed8aa8a6339e9d0d594ec805c?s=96&r=g","width":96,"height":96,"caption":"WyssmannLLC"}},{"@type":"WebPage","@id":"https:\/\/swiss-energypark.com\/fr\/der-berner-jura-verfolgt-seine-wirtschaftsstrategie-2030\/#webpage","url":"https:\/\/swiss-energypark.com\/fr\/der-berner-jura-verfolgt-seine-wirtschaftsstrategie-2030\/","name":"Der Berner Jura verfolgt seine Wirtschaftsstrategie 2030 \u26a1 Swiss Energypark","description":"#post_auszug","inLanguage":"fr-FR","isPartOf":{"@id":"https:\/\/swiss-energypark.com\/fr\/#website"},"breadcrumb":{"@id":"https:\/\/swiss-energypark.com\/fr\/der-berner-jura-verfolgt-seine-wirtschaftsstrategie-2030\/#breadcrumblist"},"author":{"@id":"https:\/\/swiss-energypark.com\/fr\/author\/wyssmannllc\/#author"},"creator":{"@id":"https:\/\/swiss-energypark.com\/fr\/author\/wyssmannllc\/#author"},"image":{"@type":"ImageObject","url":"https:\/\/swiss-energypark.com\/wp-content\/uploads\/2022\/02\/dam-view-water_swiss-energypark.jpg","@id":"https:\/\/swiss-energypark.com\/fr\/der-berner-jura-verfolgt-seine-wirtschaftsstrategie-2030\/#mainImage","width":2000,"height":1333,"caption":"Staudamm im Swiss Energypark"},"primaryImageOfPage":{"@id":"https:\/\/swiss-energypark.com\/fr\/der-berner-jura-verfolgt-seine-wirtschaftsstrategie-2030\/#mainImage"},"datePublished":"2022-01-14T08:16:16+01:00","dateModified":"2024-03-01T10:38:18+01:00"},{"@type":"WebSite","@id":"https:\/\/swiss-energypark.com\/fr\/#website","url":"https:\/\/swiss-energypark.com\/fr\/","name":"Swiss Energypark","description":"Pilotregion der Energiewende","inLanguage":"fr-FR","publisher":{"@id":"https:\/\/swiss-energypark.com\/fr\/#organization"}}]},"og:locale":"fr_FR","og:site_name":"Swiss Energypark \u26a1 Pilotregion der Energiewende","og:type":"article","og:title":"Der Berner Jura verfolgt seine Wirtschaftsstrategie 2030 \u26a1 Swiss Energypark","og:description":"#post_auszug","og:url":"https:\/\/swiss-energypark.com\/fr\/der-berner-jura-verfolgt-seine-wirtschaftsstrategie-2030\/","article:published_time":"2022-01-14T07:16:16+00:00","article:modified_time":"2024-03-01T09:38:18+00:00","twitter:card":"summary","twitter:title":"Der Berner Jura verfolgt seine Wirtschaftsstrategie 2030 \u26a1 Swiss Energypark","twitter:description":"#post_auszug"},"aioseo_meta_data":{"post_id":"33136","title":"R\u00e9trospective des activit\u00e9s #separator_sa #site_title&nbsp;","description":"Ces th\u00e8mes nous ont anim\u00e9s, ainsi que l'approvisionnement en \u00e9nergie renouvelable, au cours des derni\u00e8res ann\u00e9es.  &nbsp;","keywords":[],"keyphrases":{"focus":[],"additional":[]},"primary_term":null,"canonical_url":null,"og_title":"R\u00e9trospective des activit\u00e9s #separator_sa #site_title&nbsp;","og_description":"Ces sujets nous ont \u00e9mus ainsi que l'approvisionnement en \u00e9nergies renouvelables ces derni\u00e8res ann\u00e9es.","og_object_type":"default","og_image_type":"featured","og_image_url":"","og_image_width":"0","og_image_height":"0","og_image_custom_url":null,"og_image_custom_fields":null,"og_video":"","og_custom_url":null,"og_article_section":null,"og_article_tags":[],"twitter_use_og":true,"twitter_card":"default","twitter_image_type":"default","twitter_image_url":null,"twitter_image_custom_url":null,"twitter_image_custom_fields":null,"twitter_title":null,"twitter_description":null,"schema":{"blockGraphs":[],"customGraphs":[],"default":{"data":{"Article":{"id":"aioseo-article-636d22037f35a","slug":"article","graphName":"Article","label":"Artikel","properties":{"type":"BlogPosting","name":"#post_title","headline":"#post_title","description":"#post_excerpt","image":"","keywords":"","author":{"name":"#author_name","url":"#author_url"},"dates":{"include":true,"datePublished":"","dateModified":""}}},"Course":[],"Dataset":[],"FAQPage":[],"Movie":[],"Person":[],"Product":[],"ProductReview":[],"Car":[],"Recipe":[],"Service":[],"SoftwareApplication":[],"WebPage":[]},"graphName":"WebPage","isEnabled":true},"graphs":[]},"schema_type":"default","schema_type_options":"{\"article\":{\"articleType\":\"BlogPosting\"},\"course\":{\"name\":\"\",\"description\":\"\",\"provider\":\"\"},\"faq\":{\"pages\":[]},\"product\":{\"reviews\":[]},\"recipe\":{\"ingredients\":[],\"instructions\":[],\"keywords\":[]},\"software\":{\"reviews\":[],\"operatingSystems\":[]},\"webPage\":{\"webPageType\":\"WebPage\"}}","pillar_content":false,"robots_default":true,"robots_noindex":false,"robots_noarchive":false,"robots_nosnippet":false,"robots_nofollow":false,"robots_noimageindex":false,"robots_noodp":false,"robots_notranslate":false,"robots_max_snippet":"-1","robots_max_videopreview":"-1","robots_max_imagepreview":"large","priority":null,"frequency":"default","local_seo":null,"seo_analyzer_scan_date":"2026-03-05 08:48:25","breadcrumb_settings":null,"limit_modified_date":false,"open_ai":null,"ai":null,"created":"2026-01-20 08:46:36","updated":"2026-03-05 08:53:18","focus_keyword":null,"additional_keywords":null,"truseo_locale":null},"aioseo_breadcrumb":"<div class=\"aioseo-breadcrumbs\"><span class=\"aioseo-breadcrumb\">\n\t<a href=\"https:\/\/swiss-energypark.com\/fr\/\" title=\"Home\">Home<\/a>\n<\/span><span class=\"aioseo-breadcrumb-separator\">&raquo;<\/span><span class=\"aioseo-breadcrumb\">\n\t<a href=\"https:\/\/swiss-energypark.com\/fr\/category\/posts-fr\/\" title=\"News FR\">News FR<\/a>\n<\/span><span class=\"aioseo-breadcrumb-separator\">&raquo;<\/span><span class=\"aioseo-breadcrumb\">\n\tCes sujets nous ont \u00e9mus ces derni\u00e8res ann\u00e9es\n<\/span><\/div>","aioseo_breadcrumb_json":[{"label":"Home","link":"https:\/\/swiss-energypark.com\/fr\/"},{"label":"News FR","link":"https:\/\/swiss-energypark.com\/fr\/category\/posts-fr\/"},{"label":"Ces sujets nous ont \u00e9mus ces derni\u00e8res ann\u00e9es","link":"https:\/\/swiss-energypark.com\/fr\/ces-sujets-nous-ont-emus-ces-dernieres-annees\/"}],"_links":{"self":[{"href":"https:\/\/swiss-energypark.com\/fr\/wp-json\/wp\/v2\/posts\/33136","targetHints":{"allow":["GET"]}}],"collection":[{"href":"https:\/\/swiss-energypark.com\/fr\/wp-json\/wp\/v2\/posts"}],"about":[{"href":"https:\/\/swiss-energypark.com\/fr\/wp-json\/wp\/v2\/types\/post"}],"author":[{"embeddable":true,"href":"https:\/\/swiss-energypark.com\/fr\/wp-json\/wp\/v2\/users\/5"}],"replies":[{"embeddable":true,"href":"https:\/\/swiss-energypark.com\/fr\/wp-json\/wp\/v2\/comments?post=33136"}],"version-history":[{"count":6,"href":"https:\/\/swiss-energypark.com\/fr\/wp-json\/wp\/v2\/posts\/33136\/revisions"}],"predecessor-version":[{"id":33145,"href":"https:\/\/swiss-energypark.com\/fr\/wp-json\/wp\/v2\/posts\/33136\/revisions\/33145"}],"wp:featuredmedia":[{"embeddable":true,"href":"https:\/\/swiss-energypark.com\/fr\/wp-json\/wp\/v2\/media\/29924"}],"wp:attachment":[{"href":"https:\/\/swiss-energypark.com\/fr\/wp-json\/wp\/v2\/media?parent=33136"}],"wp:term":[{"taxonomy":"category","embeddable":true,"href":"https:\/\/swiss-energypark.com\/fr\/wp-json\/wp\/v2\/categories?post=33136"},{"taxonomy":"post_tag","embeddable":true,"href":"https:\/\/swiss-energypark.com\/fr\/wp-json\/wp\/v2\/tags?post=33136"}],"curies":[{"name":"wp","href":"https:\/\/api.w.org\/{rel}","templated":true}]}}